{"id":79,"date":"2018-11-10T23:44:48","date_gmt":"2018-11-10T22:44:48","guid":{"rendered":"http:\/\/www.graefke.de\/de\/?p=79"},"modified":"2019-09-08T14:20:49","modified_gmt":"2019-09-08T12:20:49","slug":"organisation","status":"publish","type":"post","link":"https:\/\/www.graefke.de\/de\/organisation\/","title":{"rendered":"Unternehmensorganisation"},"content":{"rendered":"<p><span style=\"font-family: arial, helvetica, sans-serif;\">Auch heute ist das Unternehmen ein mittelst\u00e4ndischer Familienbetrieb.<\/span><br \/>\n<span style=\"font-family: arial, helvetica, sans-serif;\">Die Aufbauorganisation ist klar gegliedert und leicht \u00fcberschaubar, da alle Bereiche der Gesch\u00e4ftsleitung direkt untergeordnet sind. Das Organigramm verschafft einen \u00dcberblick \u00fcber die Aufbauorganisation der Firma Graefke Fleischwaren GmbH.<\/span><\/p>\n<p><span class=\"article_separator\">&nbsp;<\/span><\/p>\n","protected":false},"excerpt":{"rendered":"<p>Auch heute ist das Unternehmen ein mittelst\u00e4ndischer Familienbetrieb. Die Aufbauorganisation ist klar gegliedert und leicht \u00fcberschaubar, da alle Bereiche der Gesch\u00e4ftsleitung direkt untergeordnet sind. Das Organigramm verschafft einen \u00dcberblick \u00fcber die Aufbauorganisation der Firma Graefke Fleischwaren GmbH. &nbsp;<\/p>\n","protected":false},"author":1,"featured_media":0,"comment_status":"closed","ping_status":"closed","sticky":false,"template":"","format":"standard","meta":{"footnotes":""},"categories":[24],"tags":[],"class_list":["post-79","post","type-post","status-publish","format-standard","hentry","category-organisation"],"yoast_head":"<!-- This site is optimized with the Yoast SEO plugin v27.5 - https:\/\/yoast.com\/product\/yoast-seo-wordpress\/ -->\n<title>Unternehmensorganisation - Graefke\u00b4s Fleischwaren GmbH<\/title>\n<meta name=\"robots\" content=\"index, follow, max-snippet:-1, max-image-preview:large, max-video-preview:-1\" \/>\n<link rel=\"canonical\" href=\"https:\/\/www.graefke.de\/de\/organisation\/\" \/>\n<meta property=\"og:locale\" content=\"de_DE\" \/>\n<meta property=\"og:type\" content=\"article\" \/>\n<meta property=\"og:title\" content=\"Unternehmensorganisation - Graefke\u00b4s Fleischwaren GmbH\" \/>\n<meta property=\"og:description\" content=\"Auch heute ist das Unternehmen ein mittelst\u00e4ndischer Familienbetrieb. Die Aufbauorganisation ist klar gegliedert und leicht \u00fcberschaubar, da alle Bereiche der Gesch\u00e4ftsleitung direkt untergeordnet sind. Das Organigramm verschafft einen \u00dcberblick \u00fcber die Aufbauorganisation der Firma Graefke Fleischwaren GmbH. &nbsp;\" \/>\n<meta property=\"og:url\" content=\"https:\/\/www.graefke.de\/de\/organisation\/\" \/>\n<meta property=\"og:site_name\" content=\"Graefke\u00b4s Fleischwaren GmbH\" \/>\n<meta property=\"article:published_time\" content=\"2018-11-10T22:44:48+00:00\" \/>\n<meta property=\"article:modified_time\" content=\"2019-09-08T12:20:49+00:00\" \/>\n<meta name=\"author\" content=\"Graefke\" \/>\n<meta name=\"twitter:card\" content=\"summary_large_image\" \/>\n<meta name=\"twitter:label1\" content=\"Verfasst von\" \/>\n\t<meta name=\"twitter:data1\" content=\"Graefke\" \/>\n<script type=\"application\/ld+json\" class=\"yoast-schema-graph\">{\"@context\":\"https:\\\/\\\/schema.org\",\"@graph\":[{\"@type\":\"Article\",\"@id\":\"https:\\\/\\\/www.graefke.de\\\/de\\\/organisation\\\/#article\",\"isPartOf\":{\"@id\":\"https:\\\/\\\/www.graefke.de\\\/de\\\/organisation\\\/\"},\"author\":{\"name\":\"Graefke\",\"@id\":\"https:\\\/\\\/www.graefke.de\\\/de\\\/#\\\/schema\\\/person\\\/5e136d42582a518421df6a3713465448\"},\"headline\":\"Unternehmensorganisation\",\"datePublished\":\"2018-11-10T22:44:48+00:00\",\"dateModified\":\"2019-09-08T12:20:49+00:00\",\"mainEntityOfPage\":{\"@id\":\"https:\\\/\\\/www.graefke.de\\\/de\\\/organisation\\\/\"},\"wordCount\":41,\"publisher\":{\"@id\":\"https:\\\/\\\/www.graefke.de\\\/de\\\/#organization\"},\"articleSection\":[\"Organisation\"],\"inLanguage\":\"de\"},{\"@type\":\"WebPage\",\"@id\":\"https:\\\/\\\/www.graefke.de\\\/de\\\/organisation\\\/\",\"url\":\"https:\\\/\\\/www.graefke.de\\\/de\\\/organisation\\\/\",\"name\":\"Unternehmensorganisation - Graefke\u00b4s Fleischwaren GmbH\",\"isPartOf\":{\"@id\":\"https:\\\/\\\/www.graefke.de\\\/de\\\/#website\"},\"datePublished\":\"2018-11-10T22:44:48+00:00\",\"dateModified\":\"2019-09-08T12:20:49+00:00\",\"breadcrumb\":{\"@id\":\"https:\\\/\\\/www.graefke.de\\\/de\\\/organisation\\\/#breadcrumb\"},\"inLanguage\":\"de\",\"potentialAction\":[{\"@type\":\"ReadAction\",\"target\":[\"https:\\\/\\\/www.graefke.de\\\/de\\\/organisation\\\/\"]}]},{\"@type\":\"BreadcrumbList\",\"@id\":\"https:\\\/\\\/www.graefke.de\\\/de\\\/organisation\\\/#breadcrumb\",\"itemListElement\":[{\"@type\":\"ListItem\",\"position\":1,\"name\":\"Startseite\",\"item\":\"https:\\\/\\\/www.graefke.de\\\/de\\\/\"},{\"@type\":\"ListItem\",\"position\":2,\"name\":\"Unternehmensorganisation\"}]},{\"@type\":\"WebSite\",\"@id\":\"https:\\\/\\\/www.graefke.de\\\/de\\\/#website\",\"url\":\"https:\\\/\\\/www.graefke.de\\\/de\\\/\",\"name\":\"Graefke\u00b4s Fleischwaren GmbH\",\"description\":\"Spezialit\u00e4ten aus der L\u00fcneburger Heide\",\"publisher\":{\"@id\":\"https:\\\/\\\/www.graefke.de\\\/de\\\/#organization\"},\"potentialAction\":[{\"@type\":\"SearchAction\",\"target\":{\"@type\":\"EntryPoint\",\"urlTemplate\":\"https:\\\/\\\/www.graefke.de\\\/de\\\/?s={search_term_string}\"},\"query-input\":{\"@type\":\"PropertyValueSpecification\",\"valueRequired\":true,\"valueName\":\"search_term_string\"}}],\"inLanguage\":\"de\"},{\"@type\":\"Organization\",\"@id\":\"https:\\\/\\\/www.graefke.de\\\/de\\\/#organization\",\"name\":\"Graefke\u00b4s Fleischwaren GmbH\",\"url\":\"https:\\\/\\\/www.graefke.de\\\/de\\\/\",\"logo\":{\"@type\":\"ImageObject\",\"inLanguage\":\"de\",\"@id\":\"https:\\\/\\\/www.graefke.de\\\/de\\\/#\\\/schema\\\/logo\\\/image\\\/\",\"url\":\"https:\\\/\\\/www.graefke.de\\\/de\\\/wp-content\\\/uploads\\\/2018\\\/11\\\/cropped-LOGO-Graefke-oval-150x150.png\",\"contentUrl\":\"https:\\\/\\\/www.graefke.de\\\/de\\\/wp-content\\\/uploads\\\/2018\\\/11\\\/cropped-LOGO-Graefke-oval-150x150.png\",\"width\":150,\"height\":92,\"caption\":\"Graefke\u00b4s Fleischwaren GmbH\"},\"image\":{\"@id\":\"https:\\\/\\\/www.graefke.de\\\/de\\\/#\\\/schema\\\/logo\\\/image\\\/\"}},{\"@type\":\"Person\",\"@id\":\"https:\\\/\\\/www.graefke.de\\\/de\\\/#\\\/schema\\\/person\\\/5e136d42582a518421df6a3713465448\",\"name\":\"Graefke\",\"image\":{\"@type\":\"ImageObject\",\"inLanguage\":\"de\",\"@id\":\"https:\\\/\\\/secure.gravatar.com\\\/avatar\\\/a86cf7f7b15a665c6a5182c971d19bf80459b337035c5c25841c39c0decaf5e5?s=96&d=mm&r=g\",\"url\":\"https:\\\/\\\/secure.gravatar.com\\\/avatar\\\/a86cf7f7b15a665c6a5182c971d19bf80459b337035c5c25841c39c0decaf5e5?s=96&d=mm&r=g\",\"contentUrl\":\"https:\\\/\\\/secure.gravatar.com\\\/avatar\\\/a86cf7f7b15a665c6a5182c971d19bf80459b337035c5c25841c39c0decaf5e5?s=96&d=mm&r=g\",\"caption\":\"Graefke\"},\"url\":\"https:\\\/\\\/www.graefke.de\\\/de\\\/author\\\/graefke\\\/\"}]}<\/script>\n<!-- \/ Yoast SEO plugin. -->","yoast_head_json":{"title":"Unternehmensorganisation - Graefke\u00b4s Fleischwaren GmbH","robots":{"index":"index","follow":"follow","max-snippet":"max-snippet:-1","max-image-preview":"max-image-preview:large","max-video-preview":"max-video-preview:-1"},"canonical":"https:\/\/www.graefke.de\/de\/organisation\/","og_locale":"de_DE","og_type":"article","og_title":"Unternehmensorganisation - Graefke\u00b4s Fleischwaren GmbH","og_description":"Auch heute ist das Unternehmen ein mittelst\u00e4ndischer Familienbetrieb. Die Aufbauorganisation ist klar gegliedert und leicht \u00fcberschaubar, da alle Bereiche der Gesch\u00e4ftsleitung direkt untergeordnet sind. Das Organigramm verschafft einen \u00dcberblick \u00fcber die Aufbauorganisation der Firma Graefke Fleischwaren GmbH. &nbsp;","og_url":"https:\/\/www.graefke.de\/de\/organisation\/","og_site_name":"Graefke\u00b4s Fleischwaren GmbH","article_published_time":"2018-11-10T22:44:48+00:00","article_modified_time":"2019-09-08T12:20:49+00:00","author":"Graefke","twitter_card":"summary_large_image","twitter_misc":{"Verfasst von":"Graefke"},"schema":{"@context":"https:\/\/schema.org","@graph":[{"@type":"Article","@id":"https:\/\/www.graefke.de\/de\/organisation\/#article","isPartOf":{"@id":"https:\/\/www.graefke.de\/de\/organisation\/"},"author":{"name":"Graefke","@id":"https:\/\/www.graefke.de\/de\/#\/schema\/person\/5e136d42582a518421df6a3713465448"},"headline":"Unternehmensorganisation","datePublished":"2018-11-10T22:44:48+00:00","dateModified":"2019-09-08T12:20:49+00:00","mainEntityOfPage":{"@id":"https:\/\/www.graefke.de\/de\/organisation\/"},"wordCount":41,"publisher":{"@id":"https:\/\/www.graefke.de\/de\/#organization"},"articleSection":["Organisation"],"inLanguage":"de"},{"@type":"WebPage","@id":"https:\/\/www.graefke.de\/de\/organisation\/","url":"https:\/\/www.graefke.de\/de\/organisation\/","name":"Unternehmensorganisation - Graefke\u00b4s Fleischwaren GmbH","isPartOf":{"@id":"https:\/\/www.graefke.de\/de\/#website"},"datePublished":"2018-11-10T22:44:48+00:00","dateModified":"2019-09-08T12:20:49+00:00","breadcrumb":{"@id":"https:\/\/www.graefke.de\/de\/organisation\/#breadcrumb"},"inLanguage":"de","potentialAction":[{"@type":"ReadAction","target":["https:\/\/www.graefke.de\/de\/organisation\/"]}]},{"@type":"BreadcrumbList","@id":"https:\/\/www.graefke.de\/de\/organisation\/#breadcrumb","itemListElement":[{"@type":"ListItem","position":1,"name":"Startseite","item":"https:\/\/www.graefke.de\/de\/"},{"@type":"ListItem","position":2,"name":"Unternehmensorganisation"}]},{"@type":"WebSite","@id":"https:\/\/www.graefke.de\/de\/#website","url":"https:\/\/www.graefke.de\/de\/","name":"Graefke\u00b4s Fleischwaren GmbH","description":"Spezialit\u00e4ten aus der L\u00fcneburger Heide","publisher":{"@id":"https:\/\/www.graefke.de\/de\/#organization"},"potentialAction":[{"@type":"SearchAction","target":{"@type":"EntryPoint","urlTemplate":"https:\/\/www.graefke.de\/de\/?s={search_term_string}"},"query-input":{"@type":"PropertyValueSpecification","valueRequired":true,"valueName":"search_term_string"}}],"inLanguage":"de"},{"@type":"Organization","@id":"https:\/\/www.graefke.de\/de\/#organization","name":"Graefke\u00b4s Fleischwaren GmbH","url":"https:\/\/www.graefke.de\/de\/","logo":{"@type":"ImageObject","inLanguage":"de","@id":"https:\/\/www.graefke.de\/de\/#\/schema\/logo\/image\/","url":"https:\/\/www.graefke.de\/de\/wp-content\/uploads\/2018\/11\/cropped-LOGO-Graefke-oval-150x150.png","contentUrl":"https:\/\/www.graefke.de\/de\/wp-content\/uploads\/2018\/11\/cropped-LOGO-Graefke-oval-150x150.png","width":150,"height":92,"caption":"Graefke\u00b4s Fleischwaren GmbH"},"image":{"@id":"https:\/\/www.graefke.de\/de\/#\/schema\/logo\/image\/"}},{"@type":"Person","@id":"https:\/\/www.graefke.de\/de\/#\/schema\/person\/5e136d42582a518421df6a3713465448","name":"Graefke","image":{"@type":"ImageObject","inLanguage":"de","@id":"https:\/\/secure.gravatar.com\/avatar\/a86cf7f7b15a665c6a5182c971d19bf80459b337035c5c25841c39c0decaf5e5?s=96&d=mm&r=g","url":"https:\/\/secure.gravatar.com\/avatar\/a86cf7f7b15a665c6a5182c971d19bf80459b337035c5c25841c39c0decaf5e5?s=96&d=mm&r=g","contentUrl":"https:\/\/secure.gravatar.com\/avatar\/a86cf7f7b15a665c6a5182c971d19bf80459b337035c5c25841c39c0decaf5e5?s=96&d=mm&r=g","caption":"Graefke"},"url":"https:\/\/www.graefke.de\/de\/author\/graefke\/"}]}},"_links":{"self":[{"href":"https:\/\/www.graefke.de\/de\/wp-json\/wp\/v2\/posts\/79","targetHints":{"allow":["GET"]}}],"collection":[{"href":"https:\/\/www.graefke.de\/de\/wp-json\/wp\/v2\/posts"}],"about":[{"href":"https:\/\/www.graefke.de\/de\/wp-json\/wp\/v2\/types\/post"}],"author":[{"embeddable":true,"href":"https:\/\/www.graefke.de\/de\/wp-json\/wp\/v2\/users\/1"}],"replies":[{"embeddable":true,"href":"https:\/\/www.graefke.de\/de\/wp-json\/wp\/v2\/comments?post=79"}],"version-history":[{"count":3,"href":"https:\/\/www.graefke.de\/de\/wp-json\/wp\/v2\/posts\/79\/revisions"}],"predecessor-version":[{"id":228,"href":"https:\/\/www.graefke.de\/de\/wp-json\/wp\/v2\/posts\/79\/revisions\/228"}],"wp:attachment":[{"href":"https:\/\/www.graefke.de\/de\/wp-json\/wp\/v2\/media?parent=79"}],"wp:term":[{"taxonomy":"category","embeddable":true,"href":"https:\/\/www.graefke.de\/de\/wp-json\/wp\/v2\/categories?post=79"},{"taxonomy":"post_tag","embeddable":true,"href":"https:\/\/www.graefke.de\/de\/wp-json\/wp\/v2\/tags?post=79"}],"curies":[{"name":"wp","href":"https:\/\/api.w.org\/{rel}","templated":true}]}}